{"id":30,"date":"2011-07-22T14:51:04","date_gmt":"2011-07-22T14:51:04","guid":{"rendered":"https:\/\/kaernten-ferienwohnungen.com\/blog\/?p=30"},"modified":"2012-06-02T07:16:26","modified_gmt":"2012-06-02T07:16:26","slug":"68-villacher-kirchtag-tradition-in-kaernten","status":"publish","type":"post","link":"https:\/\/kaernten-ferienwohnungen.com\/blog\/68-villacher-kirchtag-tradition-in-kaernten\/30","title":{"rendered":"68. Villacher Kirchtag &#8211;  Tradition in K\u00e4rnten"},"content":{"rendered":"<p>Wer vom 31.07. &#8211; 07.08.2011 in K\u00e4rnten unterwegs ist sollte sich den <strong>Villacher Kirchtag<\/strong> keinesfalls entgehen lassen. Die Tradition des Villacher Kirchtages begann schon vor vielen Jahrzehnten.<\/p>\n<h2>Tradition und Brauchtum in K\u00e4rnten<\/h2>\n<div id=\"attachment_32\" style=\"width: 310px\" class=\"wp-caption alignnone\"><a href=\"https:\/\/kaernten-ferienwohnungen.com\/blog\/wp-content\/uploads\/2011\/07\/Villacher-Kirchtag.jpg\"><img aria-describedby=\"caption-attachment-32\" loading=\"lazy\" class=\"size-medium wp-image-32\" title=\"Villacher Kirchtag\" src=\"https:\/\/kaernten-ferienwohnungen.com\/blog\/wp-content\/uploads\/2011\/07\/Villacher-Kirchtag-300x189.jpg\" alt=\"Villacher Kirchtag\" width=\"300\" height=\"189\" srcset=\"https:\/\/kaernten-ferienwohnungen.com\/blog\/wp-content\/uploads\/2011\/07\/Villacher-Kirchtag-300x189.jpg 300w, https:\/\/kaernten-ferienwohnungen.com\/blog\/wp-content\/uploads\/2011\/07\/Villacher-Kirchtag.jpg 640w\" sizes=\"(max-width: 300px) 100vw, 300px\" \/><\/a><p id=\"caption-attachment-32\" class=\"wp-caption-text\">Brauchtum und Tradition auf dem Villach Kirchtag - Volkstanz geh\u00f6rt dazu<\/p><\/div>\n<p>Eigentlich bereits im Jahre 1908 als sich beherzte Villacher B\u00fcrger f\u00fcr die Armen und Kinder der Draustadt einsetzen wollten und die \u201eDeutsche Bauerngman Villach\u201c gr\u00fcndeten. Sie wollten Feste veranstalten und den Reinerl\u00f6s den Armen und Kindern zugute kommen lassen. \u201eG\u00b4sund\u201c wurde als Gru\u00df der Bauerngman gew\u00e4hlt. 1936 wurde der erste Villacher Kirchtag veranstaltet \u2013 mit grossem Erfolg. 1938 wurde die Bauerngman aufgel\u00f6st, weil \u00d6sterreich an das deutsche Reich angeschlossen wurde. Aber echte Villacher sind nicht unterzukriegen. 1948 wurde der Verein wieder ins Leben gerufen und hat sich auf die Fahnen geschrieben: \u201eErhaltung alter Sitten und Gebr\u00e4uche und Unterst\u00fctzung not leidender Villach\u201c Im August 1948 fand dann der erste <a title=\"Villach\" href=\"https:\/\/kaernten-ferienwohnungen.com\/blog\/ferienwohnungen-karnten-karnten-blog\/die-schoensten-naturparks-in-kaernten\/\">Villacher Kirchtag<\/a> nach dem Krieg statt und wurde im Laufe der Jahre im weiter ausgebaut. Das Kirchtagsladen wurde in den sp\u00e4teren Jahren eingef\u00fchrt und geh\u00f6rt heute zum festen Bestandteil der Veranstaltung.<\/p>\n<h2>Villacher Kirchtag &#8211; 2011<\/h2>\n<p>Villacher Kirchtag 2011 \u2013 eine ganze Stadt wird zum Schauplatz alter Tradition und fr\u00f6hlicher Feste. Der <a title=\"K\u00e4rnten und sein Brauchtum\" href=\"https:\/\/kaernten-ferienwohnungen.com\/\" target=\"_blank\">Villacher Kirchtag ist heute weit \u00fcber die Grenzen von K\u00e4rnten hinaus<\/a> bekannt und gilt als gr\u00f6sstes Brauchtumsfest \u00d6sterreichs. Es ist eine Mischung aus Tradition, Brauchtum und Unterhaltung. Mehr als 100 Veranstaltungen finden in der Kirchtagswoche statt.<\/p>\n<div id=\"attachment_33\" style=\"width: 209px\" class=\"wp-caption alignnone\"><a href=\"https:\/\/kaernten-ferienwohnungen.com\/blog\/wp-content\/uploads\/2011\/07\/Kaernten-Villacher-Kirchtag1.jpg\"><img aria-describedby=\"caption-attachment-33\" loading=\"lazy\" class=\"size-medium wp-image-33\" title=\"Kaernten-Villacher Kirchtag\" src=\"https:\/\/kaernten-ferienwohnungen.com\/blog\/wp-content\/uploads\/2011\/07\/Kaernten-Villacher-Kirchtag1-199x300.jpg\" alt=\"Kaernten-Villacher Kirchtag\" width=\"199\" height=\"300\" srcset=\"https:\/\/kaernten-ferienwohnungen.com\/blog\/wp-content\/uploads\/2011\/07\/Kaernten-Villacher-Kirchtag1-199x300.jpg 199w, https:\/\/kaernten-ferienwohnungen.com\/blog\/wp-content\/uploads\/2011\/07\/Kaernten-Villacher-Kirchtag1.jpg 426w\" sizes=\"(max-width: 199px) 100vw, 199px\" \/><\/a><p id=\"caption-attachment-33\" class=\"wp-caption-text\">S\u00fcsse Knabberei - Lebkuchen Lederhosen<\/p><\/div>\n<p>Der <strong>Villacher Kirchtag<\/strong> ist Ausdruck der puren Lebensfreude der K\u00e4rntner. In Villach wird Brauchtum nicht nur gepflegt, sondern auch gelebt. F\u00fcr Touristen und Einheimische ist diese Traditionsveranstaltung ein wahrer Magnet\u2013 und das macht den Villacher Kirchtag aus \u2013 Villach ist so!Eine weltoffenes St\u00e4dchen mitten in K\u00e4rnten, dass sich seiner Tradition bewusst ist und diese auch lebt. Besuchen Sie den <strong>Villacher Kirchtag<\/strong> \u2013 sie werden begeistert sein!<br \/>\nBrauchtum und Tradition am Villacher Kirchtag auch das ist \u201eLust am Leben\u201c.<\/p>","protected":false},"excerpt":{"rendered":"<p>Wer vom 31.07. &#8211; 07.08.2011 in K\u00e4rnten unterwegs ist sollte sich den Villacher Kirchtag keinesfalls entgehen lassen. Die Tradition des Villacher Kirchtages begann schon vor vielen Jahrzehnten. Tradition und Brauchtum in K\u00e4rnten Eigentlich bereits im Jahre 1908 als sich beherzte Villacher B\u00fcrger f\u00fcr die Armen und Kinder der Draustadt einsetzen wollten und die \u201eDeutsche Bauerngman [&hellip;]<\/p>\n","protected":false},"author":1,"featured_media":38,"comment_status":"open","ping_status":"open","sticky":false,"template":"","format":"standard","meta":[],"categories":[26],"tags":[9,8],"_links":{"self":[{"href":"https:\/\/kaernten-ferienwohnungen.com\/blog\/wp-json\/wp\/v2\/posts\/30"}],"collection":[{"href":"https:\/\/kaernten-ferienwohnungen.com\/blog\/wp-json\/wp\/v2\/posts"}],"about":[{"href":"https:\/\/kaernten-ferienwohnungen.com\/blog\/wp-json\/wp\/v2\/types\/post"}],"author":[{"embeddable":true,"href":"https:\/\/kaernten-ferienwohnungen.com\/blog\/wp-json\/wp\/v2\/users\/1"}],"replies":[{"embeddable":true,"href":"https:\/\/kaernten-ferienwohnungen.com\/blog\/wp-json\/wp\/v2\/comments?post=30"}],"version-history":[{"count":19,"href":"https:\/\/kaernten-ferienwohnungen.com\/blog\/wp-json\/wp\/v2\/posts\/30\/revisions"}],"predecessor-version":[{"id":522,"href":"https:\/\/kaernten-ferienwohnungen.com\/blog\/wp-json\/wp\/v2\/posts\/30\/revisions\/522"}],"wp:featuredmedia":[{"embeddable":true,"href":"https:\/\/kaernten-ferienwohnungen.com\/blog\/wp-json\/wp\/v2\/media\/38"}],"wp:attachment":[{"href":"https:\/\/kaernten-ferienwohnungen.com\/blog\/wp-json\/wp\/v2\/media?parent=30"}],"wp:term":[{"taxonomy":"category","embeddable":true,"href":"https:\/\/kaernten-ferienwohnungen.com\/blog\/wp-json\/wp\/v2\/categories?post=30"},{"taxonomy":"post_tag","embeddable":true,"href":"https:\/\/kaernten-ferienwohnungen.com\/blog\/wp-json\/wp\/v2\/tags?post=30"}],"curies":[{"name":"wp","href":"https:\/\/api.w.org\/{rel}","templated":true}]}}