{"id":1097,"date":"2014-12-28T10:59:15","date_gmt":"2014-12-28T10:59:15","guid":{"rendered":"https:\/\/kaernten-ferienwohnungen.com\/blog\/?p=1097"},"modified":"2018-03-04T11:31:35","modified_gmt":"2018-03-04T11:31:35","slug":"urlaub-am-millstatter-see-in-kaernten","status":"publish","type":"post","link":"https:\/\/kaernten-ferienwohnungen.com\/blog\/urlaub-am-millstatter-see-in-kaernten\/1097","title":{"rendered":"Urlaub am Millst\u00e4tter See in K\u00e4rnten"},"content":{"rendered":"<div id=\"attachment_1205\" style=\"width: 631px\" class=\"wp-caption alignleft\"><a title=\"Ferienunterk\u00fcnfte rund um den Millst\u00e4ttersee in \u00d6sterreich suchen und buchen\" href=\"https:\/\/www.xn--krnten-ferienwohnungen-04b.at\/ferienwohnung-ferienhaus\/millstaetter-see-kaernten\/\" target=\"_blank\" rel=\"noopener\"><img aria-describedby=\"caption-attachment-1205\" loading=\"lazy\" class=\"size-full wp-image-1205 \" title=\"Der Millst\u00e4tter See\" src=\"https:\/\/kaernten-ferienwohnungen.com\/blog\/wp-content\/uploads\/2014\/12\/Millsta\u0308ttersee-kaernten.jpg\" alt=\"Millstatt am Millst\u00e4tter See \" width=\"621\" height=\"220\" srcset=\"https:\/\/kaernten-ferienwohnungen.com\/blog\/wp-content\/uploads\/2014\/12\/Millsta\u0308ttersee-kaernten.jpg 621w, https:\/\/kaernten-ferienwohnungen.com\/blog\/wp-content\/uploads\/2014\/12\/Millsta\u0308ttersee-kaernten-620x219.jpg 620w, https:\/\/kaernten-ferienwohnungen.com\/blog\/wp-content\/uploads\/2014\/12\/Millsta\u0308ttersee-kaernten-300x106.jpg 300w\" sizes=\"(max-width: 621px) 100vw, 621px\" \/><\/a><p id=\"caption-attachment-1205\" class=\"wp-caption-text\">Millstatt am Millst\u00e4tter See<\/p><\/div>\n<p>Urlaub am See in K\u00e4rnten ist sicher ein Erlebnis f\u00fcr sich \u2013 aber Urlaub am Millst\u00e4ttersee setzt noch eines drauf.\u00a0 Nicht zu Unrecht wird der Millst\u00e4tter See als das Juwel K\u00e4rntens bezeichnet und diese Bezeichnung verdankt er nicht nur seiner au\u00dfergew\u00f6hnlichen Lage. Sommer wie Winter ist der See ein beliebtes Urlaubsziel f\u00fcr jung und alt, f\u00fcr P\u00e4rchen und Singles und f\u00fcr Familien.<!--more--><\/p>\n<p>W\u00e4hrend man sich im Sommer in die k\u00fchlen Fluten des zweitgr\u00f6\u00dften und wasserreichsten Sees in K\u00e4rnten st\u00fcrzen kann, kann man im Winter \u00fcber diesen Wandern. Sommer am Millst\u00e4tter See ist Erholung pur \u2013 hier kann man Urlaub zwischen Berg und See machen. Bei einer durchschnittlichen Wassertemperatur von 26 Grad kann man das Baden richtig genie\u00dfen. Aber auch f\u00fcr alle G\u00e4ste, die nicht in die Kategorie Wasserratten geh\u00f6ren bietet der Millst\u00e4tter See einiges: Ob Sie wandernd die Umgebung erkunden oder die Energiepl\u00e4tze des mystischen Mirnocks suchen, den See mit dem Boot erkunden oder das Ufer mit dem Rad befahren \u2013 Urlaub am Millst\u00e4tter See bietet f\u00fcr jeden etwas.<\/p>\n<p>Im Winter pr\u00e4sentiert sich die Seenregion in seiner ganzen Pracht \u2013 nichts erinnert an das Treiben des Sommers \u2013 Stille legt sich \u00fcber den See gepaart mit dem reinen Wei\u00df des Schnees. Schneekristalle auf den Wiesen, Eiszapfen von den D\u00e4chern \u2013 \u00fcberall glitzert und funkelt es. Ein Bild wie aus dem M\u00e4rchenbuch, bietet die Winterzeit rundum. Und f\u00fcr alle sportlich aktiven bietet die Urlaubsregion alle M\u00f6glichkeiten. In nur 30 Minuten ist man in den Skigebieten K\u00e4rntens und Osttirols. Eislaufen oder einfach nur \u00fcber den See spazieren und sich dann bei einer Tasse hei\u00dfen Gl\u00fchwein wieder aufw\u00e4rmen. So sch\u00f6n kann der Winter sein.<\/p>\n<div id=\"attachment_1207\" style=\"width: 280px\" class=\"wp-caption alignleft\"><img aria-describedby=\"caption-attachment-1207\" loading=\"lazy\" class=\"size-full wp-image-1207 \" src=\"https:\/\/kaernten-ferienwohnungen.com\/blog\/wp-content\/uploads\/2014\/12\/doebriach-am-millstaettersee.jpg\" alt=\"D\u00f6briach am Millst\u00e4ttersee\" width=\"270\" height=\"180\" \/><p id=\"caption-attachment-1207\" class=\"wp-caption-text\">D\u00f6briach am Millst\u00e4ttersee<\/p><\/div>\n<div id=\"attachment_1208\" style=\"width: 280px\" class=\"wp-caption alignright\"><img aria-describedby=\"caption-attachment-1208\" loading=\"lazy\" class=\"size-full wp-image-1208 \" src=\"https:\/\/kaernten-ferienwohnungen.com\/blog\/wp-content\/uploads\/2014\/12\/Blick-vom-Glanz-auf-den-Milla\u0308ttersee.jpg\" alt=\"Weitblick von Glanz auf den See\" width=\"270\" height=\"180\" \/><p id=\"caption-attachment-1208\" class=\"wp-caption-text\">Weitblick vom Glanz auf den See<\/p><\/div>\n<p>Aber auch im Fr\u00fchling ist der Millst\u00e4tter See durchaus reizvoll. Die erwachende Natur, Wanderungen durch die fr\u00fchlingshaften W\u00e4lder, Radtouren auf die sanften H\u00fcgel der Nockberge. Noch nicht zu hei\u00df und doch schon warm. So pr\u00e4sentiert sich die Seenlandschaft mit seiner Umgebung im Fr\u00fchling. Ebenso im Herbst, wenn die Natur sich langsam auf den Winter vorbereitet \u2013 alles ist in bunte Farben getaucht und in der Mitte der glitzernde Badesee, der die bunten Farben widerspiegelt. Traumhaft sch\u00f6n ein Spaziergang um den See.<\/p>\n<div id=\"attachment_1209\" style=\"width: 280px\" class=\"wp-caption alignleft\"><img aria-describedby=\"caption-attachment-1209\" loading=\"lazy\" class=\"size-full wp-image-1209 \" src=\"https:\/\/kaernten-ferienwohnungen.com\/blog\/wp-content\/uploads\/2014\/12\/radfahren-millsta\u0308ttersee.jpg\" alt=\"Radeln am Millst\u00e4tter See\" width=\"270\" height=\"180\" \/><p id=\"caption-attachment-1209\" class=\"wp-caption-text\">Radeln am Millst\u00e4tter See<\/p><\/div>\n<div id=\"attachment_1210\" style=\"width: 280px\" class=\"wp-caption alignright\"><img aria-describedby=\"caption-attachment-1210\" loading=\"lazy\" class=\"size-full wp-image-1210 \" src=\"https:\/\/kaernten-ferienwohnungen.com\/blog\/wp-content\/uploads\/2014\/12\/strandbad-am-see.jpg\" alt=\"Strandbad in Millstatt\" width=\"270\" height=\"180\" \/><p id=\"caption-attachment-1210\" class=\"wp-caption-text\">Strandbad in Millstatt<\/p><\/div>\n<p>Aber egal zu welcher Jahreszeit man den Millst\u00e4ttersee besuchen m\u00f6chte \u2013 jede Jahreszeit bietet etwas traumhaft Sch\u00f6nes und zu jeder Jahreszeit kann man die K\u00e4rntner Spezialit\u00e4ten probieren. Vom Gailtaler Speck \u00fcber K\u00e4rntner Kasnudeln bis hin zum Apfelstrudel ist f\u00fcr jeden etwas dabei. Rund ums Jahr kann man sich kulinarisch in K\u00e4rnten verw\u00f6hnen lassen.<\/p>","protected":false},"excerpt":{"rendered":"<p>Urlaub am See in K\u00e4rnten ist sicher ein Erlebnis f\u00fcr sich \u2013 aber Urlaub am Millst\u00e4ttersee setzt noch eines drauf.\u00a0 Nicht zu Unrecht wird der Millst\u00e4tter See als das Juwel K\u00e4rntens bezeichnet und diese Bezeichnung verdankt er nicht nur seiner au\u00dfergew\u00f6hnlichen Lage. Sommer wie Winter ist der See ein beliebtes Urlaubsziel f\u00fcr jung und alt, [&hellip;]<\/p>\n","protected":false},"author":1,"featured_media":0,"comment_status":"closed","ping_status":"closed","sticky":false,"template":"","format":"standard","meta":[],"categories":[26],"tags":[],"_links":{"self":[{"href":"https:\/\/kaernten-ferienwohnungen.com\/blog\/wp-json\/wp\/v2\/posts\/1097"}],"collection":[{"href":"https:\/\/kaernten-ferienwohnungen.com\/blog\/wp-json\/wp\/v2\/posts"}],"about":[{"href":"https:\/\/kaernten-ferienwohnungen.com\/blog\/wp-json\/wp\/v2\/types\/post"}],"author":[{"embeddable":true,"href":"https:\/\/kaernten-ferienwohnungen.com\/blog\/wp-json\/wp\/v2\/users\/1"}],"replies":[{"embeddable":true,"href":"https:\/\/kaernten-ferienwohnungen.com\/blog\/wp-json\/wp\/v2\/comments?post=1097"}],"version-history":[{"count":9,"href":"https:\/\/kaernten-ferienwohnungen.com\/blog\/wp-json\/wp\/v2\/posts\/1097\/revisions"}],"predecessor-version":[{"id":1307,"href":"https:\/\/kaernten-ferienwohnungen.com\/blog\/wp-json\/wp\/v2\/posts\/1097\/revisions\/1307"}],"wp:attachment":[{"href":"https:\/\/kaernten-ferienwohnungen.com\/blog\/wp-json\/wp\/v2\/media?parent=1097"}],"wp:term":[{"taxonomy":"category","embeddable":true,"href":"https:\/\/kaernten-ferienwohnungen.com\/blog\/wp-json\/wp\/v2\/categories?post=1097"},{"taxonomy":"post_tag","embeddable":true,"href":"https:\/\/kaernten-ferienwohnungen.com\/blog\/wp-json\/wp\/v2\/tags?post=1097"}],"curies":[{"name":"wp","href":"https:\/\/api.w.org\/{rel}","templated":true}]}}